{"id":1008,"date":"2025-06-04T10:55:33","date_gmt":"2025-06-04T08:55:33","guid":{"rendered":"https:\/\/7465.peda.univ-lille.fr\/projetslicenceSID\/?p=1008"},"modified":"2025-06-10T09:22:46","modified_gmt":"2025-06-10T07:22:46","slug":"kino-cine","status":"publish","type":"post","link":"https:\/\/7465.peda.univ-lille.fr\/projetslicenceSID\/?p=1008","title":{"rendered":"Kino Cin\u00e9"},"content":{"rendered":"\n<p>Oluwaseyi ADEBIGNI et Mahoussy SOAKOUDE | Promotion 2024-2025<\/p>\n\n\n\n<p>Le projet des \u00e9tudiants consiste en la conception d\u2019un site web d\u00e9di\u00e9 au festival du Kino Cin\u00e9 du campus Pont-de-Bois \u00e0 Villeneuve-d\u2019Ascq. D\u00e8s le semestre 5, ils ont initi\u00e9 sa planification en recueillant les besoins du commanditaire \u00e0 travers un entretien structur\u00e9. Ils ont men\u00e9 une \u00e9tude comparative (benchmarking) pour identifier les bonnes pratiques et structurer efficacement le site. L\u2019arborescence et les fonctionnalit\u00e9s ont \u00e9t\u00e9 d\u00e9finies en tenant compte des attentes des utilisateurs. Des fiches personas ont \u00e9t\u00e9 \u00e9labor\u00e9es pour orienter les choix de conception. L\u2019identit\u00e9 visuelle repose sur le logo du Kino Cin\u00e9 et un choix de couleurs coh\u00e9rent. Ils ont con\u00e7u des maquettes repr\u00e9sentant les principales pages : une page d\u2019accueil, une page d\u00e9di\u00e9e au festival avec vid\u00e9os de t\u00e9moignages, une section pour les avis du public et une page d\u2019informations et de contact. L\u2019organisation du travail a \u00e9t\u00e9 collaborative, chaque membre ayant des responsabilit\u00e9s sp\u00e9cifiques. Ce projet leur a permis de d\u00e9velopper des comp\u00e9tences en gestion de projet, en analyse des besoins et en conception web.<\/p>\n\n\n\n<figure class=\"wp-block-image size-large\"><img loading=\"lazy\" decoding=\"async\" width=\"1024\" height=\"455\" src=\"https:\/\/7465.peda.univ-lille.fr\/projetslicenceSID\/wp-content\/uploads\/2025\/06\/2-1024x455.png\" alt=\"\" class=\"wp-image-1015\" srcset=\"https:\/\/7465.peda.univ-lille.fr\/projetslicenceSID\/wp-content\/uploads\/2025\/06\/2-1024x455.png 1024w, https:\/\/7465.peda.univ-lille.fr\/projetslicenceSID\/wp-content\/uploads\/2025\/06\/2-300x133.png 300w, https:\/\/7465.peda.univ-lille.fr\/projetslicenceSID\/wp-content\/uploads\/2025\/06\/2-768x341.png 768w, https:\/\/7465.peda.univ-lille.fr\/projetslicenceSID\/wp-content\/uploads\/2025\/06\/2-1536x683.png 1536w, https:\/\/7465.peda.univ-lille.fr\/projetslicenceSID\/wp-content\/uploads\/2025\/06\/2-850x378.png 850w, https:\/\/7465.peda.univ-lille.fr\/projetslicenceSID\/wp-content\/uploads\/2025\/06\/2.png 1800w\" sizes=\"auto, (max-width: 1024px) 100vw, 1024px\" \/><\/figure>\n\n\n\n<p class=\"has-text-align-center\"><em>Figure 1 : la page Festival Kino <\/em><\/p>\n\n\n\n<p>\u00c0 la demande du commanditaire, une phototh\u00e8que a \u00e9t\u00e9 int\u00e9gr\u00e9e au site afin de valoriser le festival du Kino Cin\u00e9 et d\u2019attirer l\u2019attention des jeunes \u00e9tudiants. Cet espace propose une galerie d\u2019images illustrant les diff\u00e9rentes \u00e9ditions du festival, mettant en avant les moments forts, les projections de films phares et l\u2019ambiance g\u00e9n\u00e9rale de l\u2019\u00e9v\u00e9nement. En offrant un aper\u00e7u visuel immersif, la phototh\u00e8que contribue \u00e0 promouvoir le festival et \u00e0 susciter l\u2019int\u00e9r\u00eat du public pour les prochaines \u00e9ditions.<\/p>\n\n\n\n<figure class=\"wp-block-image size-large\"><img loading=\"lazy\" decoding=\"async\" width=\"1024\" height=\"455\" src=\"https:\/\/7465.peda.univ-lille.fr\/projetslicenceSID\/wp-content\/uploads\/2025\/06\/3-1024x455.png\" alt=\"\" class=\"wp-image-1017\" srcset=\"https:\/\/7465.peda.univ-lille.fr\/projetslicenceSID\/wp-content\/uploads\/2025\/06\/3-1024x455.png 1024w, https:\/\/7465.peda.univ-lille.fr\/projetslicenceSID\/wp-content\/uploads\/2025\/06\/3-300x133.png 300w, https:\/\/7465.peda.univ-lille.fr\/projetslicenceSID\/wp-content\/uploads\/2025\/06\/3-768x341.png 768w, https:\/\/7465.peda.univ-lille.fr\/projetslicenceSID\/wp-content\/uploads\/2025\/06\/3-1536x683.png 1536w, https:\/\/7465.peda.univ-lille.fr\/projetslicenceSID\/wp-content\/uploads\/2025\/06\/3-850x378.png 850w, https:\/\/7465.peda.univ-lille.fr\/projetslicenceSID\/wp-content\/uploads\/2025\/06\/3.png 1800w\" sizes=\"auto, (max-width: 1024px) 100vw, 1024px\" \/><\/figure>\n\n\n\n<p class=\"has-text-align-center\"><em>Figure 2 : Le formulaire de recrutement dans la page d&rsquo;Acceuil<\/em><\/p>\n\n\n\n<p>Afin de r\u00e9pondre \u00e0 la volont\u00e9 du commanditaire de recruter des \u00e9tudiants passionn\u00e9s par le cin\u00e9ma, un formulaire de recrutement a \u00e9t\u00e9 int\u00e9gr\u00e9 au site. Cet espace permet aux \u00e9tudiants int\u00e9ress\u00e9s de postuler facilement pour rejoindre l\u2019association Kino Cin\u00e9, qui est g\u00e9r\u00e9e par et pour les \u00e9tudiants. Gr\u00e2ce \u00e0 ce formulaire, le Kino Cin\u00e9 peut \u00e9largir son \u00e9quipe et encourager une plus grande implication des \u00e9tudiants dans l\u2019organisation du festival et des autres activit\u00e9s cin\u00e9matographiques propos\u00e9es tout au long de l\u2019ann\u00e9e.<\/p>\n","protected":false},"excerpt":{"rendered":"<p>Oluwaseyi ADEBIGNI et Mahoussy SOAKOUDE | Promotion 2024-2025 Le projet des \u00e9tudiants consiste en la conception d\u2019un site web d\u00e9di\u00e9 au festival du Kino Cin\u00e9 du campus Pont-de-Bois \u00e0 Villeneuve-d\u2019Ascq. D\u00e8s le semestre 5, ils ont initi\u00e9 sa planification en recueillant les besoins du commanditaire \u00e0 travers un entretien structur\u00e9. Ils ont men\u00e9 une \u00e9tude&#8230;<\/p>\n","protected":false},"author":3,"featured_media":1012,"comment_status":"open","ping_status":"open","sticky":false,"template":"","format":"standard","meta":{"footnotes":""},"categories":[36],"tags":[57,74,62,83],"class_list":["post-1008","post","type-post","status-publish","format-standard","has-post-thumbnail","hentry","category-arts-et-artistes","tag-association","tag-cinema","tag-festival","tag-films"],"_links":{"self":[{"href":"https:\/\/7465.peda.univ-lille.fr\/projetslicenceSID\/index.php?rest_route=\/wp\/v2\/posts\/1008","targetHints":{"allow":["GET"]}}],"collection":[{"href":"https:\/\/7465.peda.univ-lille.fr\/projetslicenceSID\/index.php?rest_route=\/wp\/v2\/posts"}],"about":[{"href":"https:\/\/7465.peda.univ-lille.fr\/projetslicenceSID\/index.php?rest_route=\/wp\/v2\/types\/post"}],"author":[{"embeddable":true,"href":"https:\/\/7465.peda.univ-lille.fr\/projetslicenceSID\/index.php?rest_route=\/wp\/v2\/users\/3"}],"replies":[{"embeddable":true,"href":"https:\/\/7465.peda.univ-lille.fr\/projetslicenceSID\/index.php?rest_route=%2Fwp%2Fv2%2Fcomments&post=1008"}],"version-history":[{"count":11,"href":"https:\/\/7465.peda.univ-lille.fr\/projetslicenceSID\/index.php?rest_route=\/wp\/v2\/posts\/1008\/revisions"}],"predecessor-version":[{"id":1022,"href":"https:\/\/7465.peda.univ-lille.fr\/projetslicenceSID\/index.php?rest_route=\/wp\/v2\/posts\/1008\/revisions\/1022"}],"wp:featuredmedia":[{"embeddable":true,"href":"https:\/\/7465.peda.univ-lille.fr\/projetslicenceSID\/index.php?rest_route=\/wp\/v2\/media\/1012"}],"wp:attachment":[{"href":"https:\/\/7465.peda.univ-lille.fr\/projetslicenceSID\/index.php?rest_route=%2Fwp%2Fv2%2Fmedia&parent=1008"}],"wp:term":[{"taxonomy":"category","embeddable":true,"href":"https:\/\/7465.peda.univ-lille.fr\/projetslicenceSID\/index.php?rest_route=%2Fwp%2Fv2%2Fcategories&post=1008"},{"taxonomy":"post_tag","embeddable":true,"href":"https:\/\/7465.peda.univ-lille.fr\/projetslicenceSID\/index.php?rest_route=%2Fwp%2Fv2%2Ftags&post=1008"}],"curies":[{"name":"wp","href":"https:\/\/api.w.org\/{rel}","templated":true}]}}