{"id":1044,"date":"2025-06-05T09:41:43","date_gmt":"2025-06-05T07:41:43","guid":{"rendered":"https:\/\/7465.peda.univ-lille.fr\/projetslicenceSID\/?p=1044"},"modified":"2025-06-10T09:30:32","modified_gmt":"2025-06-10T07:30:32","slug":"ulysse","status":"publish","type":"post","link":"https:\/\/7465.peda.univ-lille.fr\/projetslicenceSID\/?p=1044","title":{"rendered":"Ulysse"},"content":{"rendered":"\n<p>Sara KRAIEM et Tatiana MACAREZ | Promotion 2024-2025 <\/p>\n\n\n\n<p>Le portail web des \u00e9tudiantes se nomme \u201cUlysse\u201d, en r\u00e9f\u00e9rence au nom de l\u2019association avec laquelle elles ont travaill\u00e9, une association proposant voyages, et \u00e9v\u00e8nements. Sur le site, lorsque l\u2019on clique sur \u201cUlysse\u201d, on est redirig\u00e9 directement vers la page d\u2019accueil. Sur celle-ci, il y a une br\u00e8ve description de l\u2019association et de nombreux contenus visuels, avec des projets, des \u00e9v\u00e9nements \u00e0 venir, ainsi qu\u2019une carte pour localiser le caf\u00e9 Ulysse. Le portail se compose de quatre pages suppl\u00e9mentaires : \u201c\u00c0 propos\u201d, \u201cParticiper\u201d, \u201cAvis\u201d et \u201cContact\u201d. La section \u201cParticiper\u201d comprend \u00e9galement deux sous-pages accessibles au survol : \u201c\u00c9v\u00e9nements\u201d et \u201cVoyages\u201d. Autrement dit, il existe une page \u201cParticiper\u201d \u00e0 part enti\u00e8re, ainsi que deux sous-cat\u00e9gories sp\u00e9cifiques. Ces deux pages mettent en valeur les voyages organis\u00e9s par l\u2019association, ainsi que les activit\u00e9s culturelles propos\u00e9es, \u00e0 travers une phototh\u00e8que et divers articles. Pour la cr\u00e9ation et la gestion de notre portail, les \u00e9tudiantes ont utilis\u00e9 l\u2019outil WordPress.<\/p>\n\n\n\n<figure class=\"wp-block-image size-large\"><img loading=\"lazy\" decoding=\"async\" width=\"1024\" height=\"455\" src=\"https:\/\/7465.peda.univ-lille.fr\/projetslicenceSID\/wp-content\/uploads\/2025\/06\/b-1024x455.png\" alt=\"\" class=\"wp-image-1053\" srcset=\"https:\/\/7465.peda.univ-lille.fr\/projetslicenceSID\/wp-content\/uploads\/2025\/06\/b-1024x455.png 1024w, https:\/\/7465.peda.univ-lille.fr\/projetslicenceSID\/wp-content\/uploads\/2025\/06\/b-300x133.png 300w, https:\/\/7465.peda.univ-lille.fr\/projetslicenceSID\/wp-content\/uploads\/2025\/06\/b-768x341.png 768w, https:\/\/7465.peda.univ-lille.fr\/projetslicenceSID\/wp-content\/uploads\/2025\/06\/b-1536x683.png 1536w, https:\/\/7465.peda.univ-lille.fr\/projetslicenceSID\/wp-content\/uploads\/2025\/06\/b-850x378.png 850w, https:\/\/7465.peda.univ-lille.fr\/projetslicenceSID\/wp-content\/uploads\/2025\/06\/b.png 1800w\" sizes=\"auto, (max-width: 1024px) 100vw, 1024px\" \/><\/figure>\n\n\n\n<p class=\"has-text-align-center\"><em>Figure 1 : La page Voyages<\/em><\/p>\n\n\n\n<p>Le premier \u00e9l\u00e9ment cl\u00e9 est la phototh\u00e8que, int\u00e9gr\u00e9e \u00e0 la page \u201cVoyages\u201d qui est une sous cat\u00e9gorie de la page \u201cparticiper\u201d de notre portail web. Les \u00e9tudiantes n&rsquo;ont pas voulu raconter le d\u00e9roul\u00e9 des voyages sous forme d\u2019articles, comme pour les \u00e9v\u00e9nements, car ces moments se vivent souvent en quartier libre, et chacun en garde une exp\u00e9rience diff\u00e9rente. \u00c0 la place, elles ont pr\u00e9f\u00e9r\u00e9 rassembler des photos depuis le Facebook de l\u2019association pour illustrer les diff\u00e9rentes destinations propos\u00e9es par Ulysse. L\u2019id\u00e9e, c\u2019est de donner envie \u00e0 travers des visuels attractifs, tout en offrant un espace de souvenirs aux visiteurs du site. Chaque destination est bien espac\u00e9e visuellement et accompagn\u00e9e d\u2019une l\u00e9gende indiquant le lieu.<\/p>\n\n\n\n<figure class=\"wp-block-image size-large\"><img loading=\"lazy\" decoding=\"async\" width=\"1024\" height=\"455\" src=\"https:\/\/7465.peda.univ-lille.fr\/projetslicenceSID\/wp-content\/uploads\/2025\/06\/c-1024x455.png\" alt=\"\" class=\"wp-image-1054\" srcset=\"https:\/\/7465.peda.univ-lille.fr\/projetslicenceSID\/wp-content\/uploads\/2025\/06\/c-1024x455.png 1024w, https:\/\/7465.peda.univ-lille.fr\/projetslicenceSID\/wp-content\/uploads\/2025\/06\/c-300x133.png 300w, https:\/\/7465.peda.univ-lille.fr\/projetslicenceSID\/wp-content\/uploads\/2025\/06\/c-768x341.png 768w, https:\/\/7465.peda.univ-lille.fr\/projetslicenceSID\/wp-content\/uploads\/2025\/06\/c-1536x683.png 1536w, https:\/\/7465.peda.univ-lille.fr\/projetslicenceSID\/wp-content\/uploads\/2025\/06\/c-850x378.png 850w, https:\/\/7465.peda.univ-lille.fr\/projetslicenceSID\/wp-content\/uploads\/2025\/06\/c.png 1800w\" sizes=\"auto, (max-width: 1024px) 100vw, 1024px\" \/><\/figure>\n\n\n\n<p class=\"has-text-align-center\"><em>Figure 2 : La FAQ de la page \u00c0 propos<\/em><\/p>\n\n\n\n<p>Le deuxi\u00e8me \u00e9l\u00e9ment cl\u00e9 est la FAQ, un outil pens\u00e9 pour r\u00e9pondre aux questions les plus fr\u00e9quentes des utilisateurs et ainsi soulager le travail du g\u00e9rant de l\u2019association. Elle se trouve sur la page \u00ab\u00a0\u00c0 propos\u00a0\u00bb, aux c\u00f4t\u00e9s des valeurs de l\u2019association et des liens vers leurs r\u00e9seaux sociaux pour pouvoir les rejoindre. Visuellement, la FAQ se distingue fortement : elle occupe une place centrale avec un fond noir et une \u00e9criture blanche, cr\u00e9ant un contraste marqu\u00e9 avec le reste du site, majoritairement sur fond blanc. Ce choix graphique apporte un c\u00f4t\u00e9 dynamique \u00e0 une page qui, \u00e0 la base, \u00e9tait tr\u00e8s r\u00e9dactionnelle.<\/p>\n\n\n\n<p><\/p>\n","protected":false},"excerpt":{"rendered":"<p>Sara KRAIEM et Tatiana MACAREZ | Promotion 2024-2025 Le portail web des \u00e9tudiantes se nomme \u201cUlysse\u201d, en r\u00e9f\u00e9rence au nom de l\u2019association avec laquelle elles ont travaill\u00e9, une association proposant voyages, et \u00e9v\u00e8nements. Sur le site, lorsque l\u2019on clique sur \u201cUlysse\u201d, on est redirig\u00e9 directement vers la page d\u2019accueil. Sur celle-ci, il y a une&#8230;<\/p>\n","protected":false},"author":3,"featured_media":1051,"comment_status":"closed","ping_status":"open","sticky":false,"template":"","format":"standard","meta":{"footnotes":""},"categories":[4],"tags":[176,57,117,147,178,218,87],"class_list":["post-1044","post","type-post","status-publish","format-standard","has-post-thumbnail","hentry","category-voyage","tag-activitees-culturelles","tag-association","tag-evenementiel","tag-evenements","tag-sejour","tag-sorties-internationales","tag-voyage"],"_links":{"self":[{"href":"https:\/\/7465.peda.univ-lille.fr\/projetslicenceSID\/index.php?rest_route=\/wp\/v2\/posts\/1044","targetHints":{"allow":["GET"]}}],"collection":[{"href":"https:\/\/7465.peda.univ-lille.fr\/projetslicenceSID\/index.php?rest_route=\/wp\/v2\/posts"}],"about":[{"href":"https:\/\/7465.peda.univ-lille.fr\/projetslicenceSID\/index.php?rest_route=\/wp\/v2\/types\/post"}],"author":[{"embeddable":true,"href":"https:\/\/7465.peda.univ-lille.fr\/projetslicenceSID\/index.php?rest_route=\/wp\/v2\/users\/3"}],"replies":[{"embeddable":true,"href":"https:\/\/7465.peda.univ-lille.fr\/projetslicenceSID\/index.php?rest_route=%2Fwp%2Fv2%2Fcomments&post=1044"}],"version-history":[{"count":11,"href":"https:\/\/7465.peda.univ-lille.fr\/projetslicenceSID\/index.php?rest_route=\/wp\/v2\/posts\/1044\/revisions"}],"predecessor-version":[{"id":1172,"href":"https:\/\/7465.peda.univ-lille.fr\/projetslicenceSID\/index.php?rest_route=\/wp\/v2\/posts\/1044\/revisions\/1172"}],"wp:featuredmedia":[{"embeddable":true,"href":"https:\/\/7465.peda.univ-lille.fr\/projetslicenceSID\/index.php?rest_route=\/wp\/v2\/media\/1051"}],"wp:attachment":[{"href":"https:\/\/7465.peda.univ-lille.fr\/projetslicenceSID\/index.php?rest_route=%2Fwp%2Fv2%2Fmedia&parent=1044"}],"wp:term":[{"taxonomy":"category","embeddable":true,"href":"https:\/\/7465.peda.univ-lille.fr\/projetslicenceSID\/index.php?rest_route=%2Fwp%2Fv2%2Fcategories&post=1044"},{"taxonomy":"post_tag","embeddable":true,"href":"https:\/\/7465.peda.univ-lille.fr\/projetslicenceSID\/index.php?rest_route=%2Fwp%2Fv2%2Ftags&post=1044"}],"curies":[{"name":"wp","href":"https:\/\/api.w.org\/{rel}","templated":true}]}}