{"id":108,"date":"2024-02-15T12:04:08","date_gmt":"2024-02-15T11:04:08","guid":{"rendered":"https:\/\/7465.peda.univ-lille.fr\/projetslicenceSID\/?p=108"},"modified":"2024-03-14T18:07:07","modified_gmt":"2024-03-14T17:07:07","slug":"afri-call-food","status":"publish","type":"post","link":"https:\/\/7465.peda.univ-lille.fr\/projetslicenceSID\/?p=108","title":{"rendered":"Afri Call Food"},"content":{"rendered":"\n<p>M\u00e9die Zubanzadio et Auxiliadora Nzigou Soeur | Promotion 2020-2021<\/p>\n\n\n\n<p>Afri Call Food a commandit\u00e9 ce site web afin d&rsquo;offrir une vitrine \u00e0 la cha\u00eene de restauration. Les \u00e9tudiants ont eu \u00e0 c\u0153ur de respecter la vision du propri\u00e9taire du restaurant en proposant un site web refl\u00e9tant le style et l&rsquo;image de sa marque en ciblant particuli\u00e8rement les jeunes gr\u00e2ce \u00e0 un design dynamique et des tons chauds. Le site comprend ainsi une vitrine des menus, des photos des plats, des informations d\u00e9taill\u00e9es sur le restaurant, une section de commentaires, les liens vers les r\u00e9seaux sociaux de la marque, l&rsquo;histoire du restaurant, les partenariats, &#8230; <\/p>\n\n\n<div class=\"wp-block-image\">\n<figure class=\"aligncenter size-large\"><img loading=\"lazy\" decoding=\"async\" width=\"1024\" height=\"641\" src=\"https:\/\/7465.peda.univ-lille.fr\/projetslicenceSID\/wp-content\/uploads\/2024\/02\/Screenshot-2024-02-15-at-12-04-59-Afri-call-food-\u2013-Le-restaurant-Africain-nouvelle-generation-1024x641.png\" alt=\"\" class=\"wp-image-110\" srcset=\"https:\/\/7465.peda.univ-lille.fr\/projetslicenceSID\/wp-content\/uploads\/2024\/02\/Screenshot-2024-02-15-at-12-04-59-Afri-call-food-\u2013-Le-restaurant-Africain-nouvelle-generation-1024x641.png 1024w, https:\/\/7465.peda.univ-lille.fr\/projetslicenceSID\/wp-content\/uploads\/2024\/02\/Screenshot-2024-02-15-at-12-04-59-Afri-call-food-\u2013-Le-restaurant-Africain-nouvelle-generation-300x188.png 300w, https:\/\/7465.peda.univ-lille.fr\/projetslicenceSID\/wp-content\/uploads\/2024\/02\/Screenshot-2024-02-15-at-12-04-59-Afri-call-food-\u2013-Le-restaurant-Africain-nouvelle-generation-768x481.png 768w, https:\/\/7465.peda.univ-lille.fr\/projetslicenceSID\/wp-content\/uploads\/2024\/02\/Screenshot-2024-02-15-at-12-04-59-Afri-call-food-\u2013-Le-restaurant-Africain-nouvelle-generation.png 1125w\" sizes=\"auto, (max-width: 1024px) 100vw, 1024px\" \/><\/figure>\n<\/div>\n\n\n<p>La capture d&rsquo;\u00e9cran ci-dessus pr\u00e9sente la galerie photos d\u00e9roulante pr\u00e9sente sur la page d&rsquo;accueil du site pour faire d\u00e9couvrir la cha\u00eene aux nouveaux venus. Il s&rsquo;agit d&rsquo;une photos d&rsquo;arri\u00e8re plan fixe en fond sur laquelle les \u00e9tudiants ont ajout\u00e9 une succession de photos \u00e0 faire d\u00e9filer pour apporter un c\u00f4t\u00e9 dynamique et chaleureux. <\/p>\n","protected":false},"excerpt":{"rendered":"<p>M\u00e9die Zubanzadio et Auxiliadora Nzigou Soeur | Promotion 2020-2021 Afri Call Food a commandit\u00e9 ce site web afin d&rsquo;offrir une vitrine \u00e0 la cha\u00eene de restauration. Les \u00e9tudiants ont eu \u00e0 c\u0153ur de respecter la vision du propri\u00e9taire du restaurant en proposant un site web refl\u00e9tant le style et l&rsquo;image de sa marque en ciblant&#8230;<\/p>\n","protected":false},"author":2,"featured_media":109,"comment_status":"closed","ping_status":"closed","sticky":false,"template":"","format":"standard","meta":{"footnotes":""},"categories":[6],"tags":[22,55,17,23,13],"class_list":["post-108","post","type-post","status-publish","format-standard","has-post-thumbnail","hentry","category-restauration","tag-afrique","tag-cuisine","tag-nord","tag-patrimoine","tag-restaurant"],"_links":{"self":[{"href":"https:\/\/7465.peda.univ-lille.fr\/projetslicenceSID\/index.php?rest_route=\/wp\/v2\/posts\/108","targetHints":{"allow":["GET"]}}],"collection":[{"href":"https:\/\/7465.peda.univ-lille.fr\/projetslicenceSID\/index.php?rest_route=\/wp\/v2\/posts"}],"about":[{"href":"https:\/\/7465.peda.univ-lille.fr\/projetslicenceSID\/index.php?rest_route=\/wp\/v2\/types\/post"}],"author":[{"embeddable":true,"href":"https:\/\/7465.peda.univ-lille.fr\/projetslicenceSID\/index.php?rest_route=\/wp\/v2\/users\/2"}],"replies":[{"embeddable":true,"href":"https:\/\/7465.peda.univ-lille.fr\/projetslicenceSID\/index.php?rest_route=%2Fwp%2Fv2%2Fcomments&post=108"}],"version-history":[{"count":3,"href":"https:\/\/7465.peda.univ-lille.fr\/projetslicenceSID\/index.php?rest_route=\/wp\/v2\/posts\/108\/revisions"}],"predecessor-version":[{"id":402,"href":"https:\/\/7465.peda.univ-lille.fr\/projetslicenceSID\/index.php?rest_route=\/wp\/v2\/posts\/108\/revisions\/402"}],"wp:featuredmedia":[{"embeddable":true,"href":"https:\/\/7465.peda.univ-lille.fr\/projetslicenceSID\/index.php?rest_route=\/wp\/v2\/media\/109"}],"wp:attachment":[{"href":"https:\/\/7465.peda.univ-lille.fr\/projetslicenceSID\/index.php?rest_route=%2Fwp%2Fv2%2Fmedia&parent=108"}],"wp:term":[{"taxonomy":"category","embeddable":true,"href":"https:\/\/7465.peda.univ-lille.fr\/projetslicenceSID\/index.php?rest_route=%2Fwp%2Fv2%2Fcategories&post=108"},{"taxonomy":"post_tag","embeddable":true,"href":"https:\/\/7465.peda.univ-lille.fr\/projetslicenceSID\/index.php?rest_route=%2Fwp%2Fv2%2Ftags&post=108"}],"curies":[{"name":"wp","href":"https:\/\/api.w.org\/{rel}","templated":true}]}}