{"id":118,"date":"2024-02-15T13:47:22","date_gmt":"2024-02-15T12:47:22","guid":{"rendered":"https:\/\/7465.peda.univ-lille.fr\/projetslicenceSID\/?p=118"},"modified":"2025-06-10T11:24:16","modified_gmt":"2025-06-10T09:24:16","slug":"maire-de-flines-les-mortagne","status":"publish","type":"post","link":"https:\/\/7465.peda.univ-lille.fr\/projetslicenceSID\/?p=118","title":{"rendered":"Mairie de Flines-Les-Mortagne"},"content":{"rendered":"\n<p>Vincent Herbeau et Valentin Delville | Promotion 2020-2021<\/p>\n\n\n\n<p>La commune fran\u00e7aise de Flines-l\u00e8s-Mortagne ne poss\u00e9dait pas de site web, les \u00e9tudiants ont donc propos\u00e9 leur aide afin d&rsquo;y rem\u00e9dier. Pour r\u00e9pondre aux besoins du maire, ils ont dress\u00e9 la liste de crit\u00e8res pour le site, ce dernier doit : fournir les renseignements de base sur la mairie (horaires, adresse), pr\u00e9senter les activit\u00e9s et actualit\u00e9s, int\u00e9grer des liens vers les r\u00e9seaux sociaux et d&rsquo;autres sites pertinents, faciliter le contact avec l&rsquo;\u00e9quipe de la mairie via un formulaire int\u00e9gr\u00e9. Le maire a \u00e9galement eu des demandes annexes soit la r\u00e9alisation d&rsquo;un logo repr\u00e9sentatif de la commune et selon ses couleurs ainsi qu&rsquo;un benchmarking pour \u00e9tudier d&rsquo;autres sites de mairies similaires. <\/p>\n\n\n<div class=\"wp-block-image\">\n<figure class=\"aligncenter size-full\"><img loading=\"lazy\" decoding=\"async\" width=\"868\" height=\"737\" src=\"https:\/\/7465.peda.univ-lille.fr\/projetslicenceSID\/wp-content\/uploads\/2024\/03\/Capture-decran-2024-03-14-175629.png\" alt=\"\" class=\"wp-image-395\" srcset=\"https:\/\/7465.peda.univ-lille.fr\/projetslicenceSID\/wp-content\/uploads\/2024\/03\/Capture-decran-2024-03-14-175629.png 868w, https:\/\/7465.peda.univ-lille.fr\/projetslicenceSID\/wp-content\/uploads\/2024\/03\/Capture-decran-2024-03-14-175629-300x255.png 300w, https:\/\/7465.peda.univ-lille.fr\/projetslicenceSID\/wp-content\/uploads\/2024\/03\/Capture-decran-2024-03-14-175629-768x652.png 768w, https:\/\/7465.peda.univ-lille.fr\/projetslicenceSID\/wp-content\/uploads\/2024\/03\/Capture-decran-2024-03-14-175629-850x722.png 850w\" sizes=\"auto, (max-width: 868px) 100vw, 868px\" \/><\/figure>\n<\/div>\n\n\n<p>Les \u00e9tudiants ont particuli\u00e8rement travaill\u00e9 l&rsquo;arborescence du site afin de proposer aux internautes une navigation fluide et instinctive permettant \u00e0 tous d&rsquo;acc\u00e9der aux informations sur le site municipal. <strong><mark style=\"background-color:rgba(0, 0, 0, 0)\" class=\"has-inline-color has-light-green-cyan-color\"><\/mark><\/strong><\/p>\n","protected":false},"excerpt":{"rendered":"<p>Vincent Herbeau et Valentin Delville | Promotion 2020-2021 La commune fran\u00e7aise de Flines-l\u00e8s-Mortagne ne poss\u00e9dait pas de site web, les \u00e9tudiants ont donc propos\u00e9 leur aide afin d&rsquo;y rem\u00e9dier. Pour r\u00e9pondre aux besoins du maire, ils ont dress\u00e9 la liste de crit\u00e8res pour le site, ce dernier doit : fournir les renseignements de base sur&#8230;<\/p>\n","protected":false},"author":2,"featured_media":393,"comment_status":"closed","ping_status":"closed","sticky":false,"template":"","format":"standard","meta":{"footnotes":""},"categories":[8],"tags":[248,14,15],"class_list":["post-118","post","type-post","status-publish","format-standard","has-post-thumbnail","hentry","category-institutions","tag-flines-les-mortagne","tag-mairie","tag-pas-de-calais"],"_links":{"self":[{"href":"https:\/\/7465.peda.univ-lille.fr\/projetslicenceSID\/index.php?rest_route=\/wp\/v2\/posts\/118","targetHints":{"allow":["GET"]}}],"collection":[{"href":"https:\/\/7465.peda.univ-lille.fr\/projetslicenceSID\/index.php?rest_route=\/wp\/v2\/posts"}],"about":[{"href":"https:\/\/7465.peda.univ-lille.fr\/projetslicenceSID\/index.php?rest_route=\/wp\/v2\/types\/post"}],"author":[{"embeddable":true,"href":"https:\/\/7465.peda.univ-lille.fr\/projetslicenceSID\/index.php?rest_route=\/wp\/v2\/users\/2"}],"replies":[{"embeddable":true,"href":"https:\/\/7465.peda.univ-lille.fr\/projetslicenceSID\/index.php?rest_route=%2Fwp%2Fv2%2Fcomments&post=118"}],"version-history":[{"count":4,"href":"https:\/\/7465.peda.univ-lille.fr\/projetslicenceSID\/index.php?rest_route=\/wp\/v2\/posts\/118\/revisions"}],"predecessor-version":[{"id":396,"href":"https:\/\/7465.peda.univ-lille.fr\/projetslicenceSID\/index.php?rest_route=\/wp\/v2\/posts\/118\/revisions\/396"}],"wp:featuredmedia":[{"embeddable":true,"href":"https:\/\/7465.peda.univ-lille.fr\/projetslicenceSID\/index.php?rest_route=\/wp\/v2\/media\/393"}],"wp:attachment":[{"href":"https:\/\/7465.peda.univ-lille.fr\/projetslicenceSID\/index.php?rest_route=%2Fwp%2Fv2%2Fmedia&parent=118"}],"wp:term":[{"taxonomy":"category","embeddable":true,"href":"https:\/\/7465.peda.univ-lille.fr\/projetslicenceSID\/index.php?rest_route=%2Fwp%2Fv2%2Fcategories&post=118"},{"taxonomy":"post_tag","embeddable":true,"href":"https:\/\/7465.peda.univ-lille.fr\/projetslicenceSID\/index.php?rest_route=%2Fwp%2Fv2%2Ftags&post=118"}],"curies":[{"name":"wp","href":"https:\/\/api.w.org\/{rel}","templated":true}]}}