{"id":262,"date":"2024-03-07T10:16:14","date_gmt":"2024-03-07T09:16:14","guid":{"rendered":"https:\/\/7465.peda.univ-lille.fr\/projetslicenceSID\/?p=262"},"modified":"2025-06-10T11:20:30","modified_gmt":"2025-06-10T09:20:30","slug":"thiers-son","status":"publish","type":"post","link":"https:\/\/7465.peda.univ-lille.fr\/projetslicenceSID\/?p=262","title":{"rendered":"Thiers Son"},"content":{"rendered":"\n<p>Hugues Lain\u00e9-Bataille et Antoine Thorel | Promotion 2020-2021<\/p>\n\n\n\n<p>Thiers Son est une association musicale \u00e0 but non lucratif bas\u00e9e \u00e0 Paris et cr\u00e9e en 2018. Le groupe \u00e9tait d\u00e9j\u00e0 dot\u00e9 de communaut\u00e9s sur les r\u00e9seaux sociaux, souhait\u00e9 \u00e9tendre sa pr\u00e9sence sur le web gr\u00e2ce \u00e0 un site web coh\u00e9rent avec son identit\u00e9 visuelle. Les objectifs sont de proposer une pr\u00e9sentation claire de l&rsquo;association, la mise en avant de ses actualit\u00e9s et la mise en relation avec le public via un formulaire de contact et des liens vers les r\u00e9seaux sociaux mais aussi et surtout une page permettant aux usagers de partager leurs d\u00e9couvertes musicales.  <\/p>\n\n\n\n<figure class=\"wp-block-image size-full\"><img loading=\"lazy\" decoding=\"async\" width=\"871\" height=\"431\" src=\"https:\/\/7465.peda.univ-lille.fr\/projetslicenceSID\/wp-content\/uploads\/2024\/03\/image-59.png\" alt=\"\" class=\"wp-image-477\" srcset=\"https:\/\/7465.peda.univ-lille.fr\/projetslicenceSID\/wp-content\/uploads\/2024\/03\/image-59.png 871w, https:\/\/7465.peda.univ-lille.fr\/projetslicenceSID\/wp-content\/uploads\/2024\/03\/image-59-300x148.png 300w, https:\/\/7465.peda.univ-lille.fr\/projetslicenceSID\/wp-content\/uploads\/2024\/03\/image-59-768x380.png 768w, https:\/\/7465.peda.univ-lille.fr\/projetslicenceSID\/wp-content\/uploads\/2024\/03\/image-59-850x421.png 850w\" sizes=\"auto, (max-width: 871px) 100vw, 871px\" \/><\/figure>\n\n\n\n<p>L&rsquo;arborescence du site r\u00e9v\u00e8le le soin apport\u00e9 \u00e0 l&rsquo;architecture du site afin de proposer aux internautes une navigation claire et intuitive. Les \u00e9tudiants ont alors mis\u00e9 sur la simplicit\u00e9 afin de garantir la facilit\u00e9 d&rsquo;utilisation. <\/p>\n","protected":false},"excerpt":{"rendered":"<p>Hugues Lain\u00e9-Bataille et Antoine Thorel | Promotion 2020-2021 Thiers Son est une association musicale \u00e0 but non lucratif bas\u00e9e \u00e0 Paris et cr\u00e9e en 2018. Le groupe \u00e9tait d\u00e9j\u00e0 dot\u00e9 de communaut\u00e9s sur les r\u00e9seaux sociaux, souhait\u00e9 \u00e9tendre sa pr\u00e9sence sur le web gr\u00e2ce \u00e0 un site web coh\u00e9rent avec son identit\u00e9 visuelle. Les objectifs&#8230;<\/p>\n","protected":false},"author":2,"featured_media":480,"comment_status":"closed","ping_status":"open","sticky":false,"template":"","format":"standard","meta":{"footnotes":""},"categories":[36],"tags":[18,57,221,37,38],"class_list":["post-262","post","type-post","status-publish","format-standard","has-post-thumbnail","hentry","category-arts-et-artistes","tag-artiste","tag-association","tag-groupe","tag-musique","tag-paris"],"_links":{"self":[{"href":"https:\/\/7465.peda.univ-lille.fr\/projetslicenceSID\/index.php?rest_route=\/wp\/v2\/posts\/262","targetHints":{"allow":["GET"]}}],"collection":[{"href":"https:\/\/7465.peda.univ-lille.fr\/projetslicenceSID\/index.php?rest_route=\/wp\/v2\/posts"}],"about":[{"href":"https:\/\/7465.peda.univ-lille.fr\/projetslicenceSID\/index.php?rest_route=\/wp\/v2\/types\/post"}],"author":[{"embeddable":true,"href":"https:\/\/7465.peda.univ-lille.fr\/projetslicenceSID\/index.php?rest_route=\/wp\/v2\/users\/2"}],"replies":[{"embeddable":true,"href":"https:\/\/7465.peda.univ-lille.fr\/projetslicenceSID\/index.php?rest_route=%2Fwp%2Fv2%2Fcomments&post=262"}],"version-history":[{"count":2,"href":"https:\/\/7465.peda.univ-lille.fr\/projetslicenceSID\/index.php?rest_route=\/wp\/v2\/posts\/262\/revisions"}],"predecessor-version":[{"id":481,"href":"https:\/\/7465.peda.univ-lille.fr\/projetslicenceSID\/index.php?rest_route=\/wp\/v2\/posts\/262\/revisions\/481"}],"wp:featuredmedia":[{"embeddable":true,"href":"https:\/\/7465.peda.univ-lille.fr\/projetslicenceSID\/index.php?rest_route=\/wp\/v2\/media\/480"}],"wp:attachment":[{"href":"https:\/\/7465.peda.univ-lille.fr\/projetslicenceSID\/index.php?rest_route=%2Fwp%2Fv2%2Fmedia&parent=262"}],"wp:term":[{"taxonomy":"category","embeddable":true,"href":"https:\/\/7465.peda.univ-lille.fr\/projetslicenceSID\/index.php?rest_route=%2Fwp%2Fv2%2Fcategories&post=262"},{"taxonomy":"post_tag","embeddable":true,"href":"https:\/\/7465.peda.univ-lille.fr\/projetslicenceSID\/index.php?rest_route=%2Fwp%2Fv2%2Ftags&post=262"}],"curies":[{"name":"wp","href":"https:\/\/api.w.org\/{rel}","templated":true}]}}