{"id":327,"date":"2024-03-08T10:55:54","date_gmt":"2024-03-08T09:55:54","guid":{"rendered":"https:\/\/7465.peda.univ-lille.fr\/projetslicenceSID\/?p=327"},"modified":"2024-03-14T17:29:26","modified_gmt":"2024-03-14T16:29:26","slug":"proclean-solutions","status":"publish","type":"post","link":"https:\/\/7465.peda.univ-lille.fr\/projetslicenceSID\/?p=327","title":{"rendered":"proClean Solutions"},"content":{"rendered":"\n<p>Ana\u00efs Bendazzoli | Promotion 2022-2023<\/p>\n\n\n\n<p>proClean Solutions est une soci\u00e9t\u00e9 de nettoyage d\u00e9di\u00e9e aux \u00ab\u00a0nettoyages de l&rsquo;extr\u00eame\u00a0\u00bb notamment en cas de syndrome de Diog\u00e8ne ou de No\u00e9 -troubles comportementaux de l&rsquo;accumulation d&rsquo;objets et de d\u00e9chets-. Au-del\u00e0 des aspects fonctionnels (services, contact, zone d&rsquo;action de l&rsquo;entreprise, &#8230;) l&rsquo;\u00e9tudiante a \u00e9galement d\u00fb porter une attention toute particuli\u00e8re \u00e0 la charte graphique du site pour qu&rsquo;elle soit rassurante, accueillante et qu&rsquo;elle mette en confiance les clients en difficult\u00e9s. <\/p>\n\n\n\n<figure class=\"wp-block-image size-large\"><img loading=\"lazy\" decoding=\"async\" width=\"1024\" height=\"495\" src=\"https:\/\/7465.peda.univ-lille.fr\/projetslicenceSID\/wp-content\/uploads\/2024\/03\/image-13-1024x495.png\" alt=\"\" class=\"wp-image-329\" srcset=\"https:\/\/7465.peda.univ-lille.fr\/projetslicenceSID\/wp-content\/uploads\/2024\/03\/image-13-1024x495.png 1024w, https:\/\/7465.peda.univ-lille.fr\/projetslicenceSID\/wp-content\/uploads\/2024\/03\/image-13-300x145.png 300w, https:\/\/7465.peda.univ-lille.fr\/projetslicenceSID\/wp-content\/uploads\/2024\/03\/image-13-768x371.png 768w, https:\/\/7465.peda.univ-lille.fr\/projetslicenceSID\/wp-content\/uploads\/2024\/03\/image-13-1536x742.png 1536w, https:\/\/7465.peda.univ-lille.fr\/projetslicenceSID\/wp-content\/uploads\/2024\/03\/image-13-850x411.png 850w, https:\/\/7465.peda.univ-lille.fr\/projetslicenceSID\/wp-content\/uploads\/2024\/03\/image-13.png 1890w\" sizes=\"auto, (max-width: 1024px) 100vw, 1024px\" \/><\/figure>\n\n\n\n<p>Pour ce genre de service d&rsquo;aide \u00e0 la personne, il est tr\u00e8s int\u00e9ressant de bien pr\u00e9ciser la zone d&rsquo;action, c&rsquo;est ce que l&rsquo;\u00e9tudiante a fait en ajoutant tr\u00e8s justement une carte de la r\u00e9gion o\u00f9 proClean Solutions op\u00e8re. Il s&rsquo;agit d&rsquo;une carte OpenStreeMap ajout\u00e9e via du contenu embarqu\u00e9. <\/p>\n","protected":false},"excerpt":{"rendered":"<p>Ana\u00efs Bendazzoli | Promotion 2022-2023 proClean Solutions est une soci\u00e9t\u00e9 de nettoyage d\u00e9di\u00e9e aux \u00ab\u00a0nettoyages de l&rsquo;extr\u00eame\u00a0\u00bb notamment en cas de syndrome de Diog\u00e8ne ou de No\u00e9 -troubles comportementaux de l&rsquo;accumulation d&rsquo;objets et de d\u00e9chets-. Au-del\u00e0 des aspects fonctionnels (services, contact, zone d&rsquo;action de l&rsquo;entreprise, &#8230;) l&rsquo;\u00e9tudiante a \u00e9galement d\u00fb porter une attention toute particuli\u00e8re&#8230;<\/p>\n","protected":false},"author":2,"featured_media":328,"comment_status":"closed","ping_status":"open","sticky":false,"template":"","format":"standard","meta":{"footnotes":""},"categories":[7],"tags":[65,64,17,15,63],"class_list":["post-327","post","type-post","status-publish","format-standard","has-post-thumbnail","hentry","category-entreprenariat","tag-aide-a-la-personne","tag-nettoyage","tag-nord","tag-pas-de-calais","tag-wallonie"],"_links":{"self":[{"href":"https:\/\/7465.peda.univ-lille.fr\/projetslicenceSID\/index.php?rest_route=\/wp\/v2\/posts\/327","targetHints":{"allow":["GET"]}}],"collection":[{"href":"https:\/\/7465.peda.univ-lille.fr\/projetslicenceSID\/index.php?rest_route=\/wp\/v2\/posts"}],"about":[{"href":"https:\/\/7465.peda.univ-lille.fr\/projetslicenceSID\/index.php?rest_route=\/wp\/v2\/types\/post"}],"author":[{"embeddable":true,"href":"https:\/\/7465.peda.univ-lille.fr\/projetslicenceSID\/index.php?rest_route=\/wp\/v2\/users\/2"}],"replies":[{"embeddable":true,"href":"https:\/\/7465.peda.univ-lille.fr\/projetslicenceSID\/index.php?rest_route=%2Fwp%2Fv2%2Fcomments&post=327"}],"version-history":[{"count":2,"href":"https:\/\/7465.peda.univ-lille.fr\/projetslicenceSID\/index.php?rest_route=\/wp\/v2\/posts\/327\/revisions"}],"predecessor-version":[{"id":383,"href":"https:\/\/7465.peda.univ-lille.fr\/projetslicenceSID\/index.php?rest_route=\/wp\/v2\/posts\/327\/revisions\/383"}],"wp:featuredmedia":[{"embeddable":true,"href":"https:\/\/7465.peda.univ-lille.fr\/projetslicenceSID\/index.php?rest_route=\/wp\/v2\/media\/328"}],"wp:attachment":[{"href":"https:\/\/7465.peda.univ-lille.fr\/projetslicenceSID\/index.php?rest_route=%2Fwp%2Fv2%2Fmedia&parent=327"}],"wp:term":[{"taxonomy":"category","embeddable":true,"href":"https:\/\/7465.peda.univ-lille.fr\/projetslicenceSID\/index.php?rest_route=%2Fwp%2Fv2%2Fcategories&post=327"},{"taxonomy":"post_tag","embeddable":true,"href":"https:\/\/7465.peda.univ-lille.fr\/projetslicenceSID\/index.php?rest_route=%2Fwp%2Fv2%2Ftags&post=327"}],"curies":[{"name":"wp","href":"https:\/\/api.w.org\/{rel}","templated":true}]}}