{"id":340,"date":"2024-03-08T13:38:19","date_gmt":"2024-03-08T12:38:19","guid":{"rendered":"https:\/\/7465.peda.univ-lille.fr\/projetslicenceSID\/?p=340"},"modified":"2025-06-10T10:38:46","modified_gmt":"2025-06-10T08:38:46","slug":"solidaires","status":"publish","type":"post","link":"https:\/\/7465.peda.univ-lille.fr\/projetslicenceSID\/?p=340","title":{"rendered":"Solidaires"},"content":{"rendered":"\n<p>Marc-Antoine Colonnette | Promotion 2022-2023<\/p>\n\n\n\n<p>Solidaires est une f\u00e9d\u00e9ration des syndicats \u00e9tudiants de luttes pr\u00e9sent \u00e0 l&rsquo;Universit\u00e9 de Lille. Pour ce projet, il s&rsquo;agissait de r\u00e9aliser une refonte compl\u00e8te du site de la f\u00e9d\u00e9ration afin de le rendre plus clair, plus homog\u00e8ne, plus compr\u00e9hensible afin que tou.s.tes puissent acc\u00e9der \u00e0 son contenu. L&rsquo;\u00e9tudiant a donc  travaill\u00e9 la clart\u00e9 du propos, de l&rsquo;arborescence, trouv\u00e9 une nouvelle charte graphique rouge, noire et blanche pour symboliser la lutte. <\/p>\n\n\n\n<figure class=\"wp-block-image size-large is-resized\"><img loading=\"lazy\" decoding=\"async\" width=\"1024\" height=\"237\" src=\"https:\/\/7465.peda.univ-lille.fr\/projetslicenceSID\/wp-content\/uploads\/2024\/03\/image-20-1024x237.png\" alt=\"\" class=\"wp-image-342\" style=\"width:840px;height:auto\" srcset=\"https:\/\/7465.peda.univ-lille.fr\/projetslicenceSID\/wp-content\/uploads\/2024\/03\/image-20-1024x237.png 1024w, https:\/\/7465.peda.univ-lille.fr\/projetslicenceSID\/wp-content\/uploads\/2024\/03\/image-20-300x69.png 300w, https:\/\/7465.peda.univ-lille.fr\/projetslicenceSID\/wp-content\/uploads\/2024\/03\/image-20-768x178.png 768w, https:\/\/7465.peda.univ-lille.fr\/projetslicenceSID\/wp-content\/uploads\/2024\/03\/image-20-1536x355.png 1536w, https:\/\/7465.peda.univ-lille.fr\/projetslicenceSID\/wp-content\/uploads\/2024\/03\/image-20-850x196.png 850w, https:\/\/7465.peda.univ-lille.fr\/projetslicenceSID\/wp-content\/uploads\/2024\/03\/image-20.png 1618w\" sizes=\"auto, (max-width: 1024px) 100vw, 1024px\" \/><\/figure>\n\n\n\n<p>Le pied de page de ce site a \u00e9t\u00e9 particuli\u00e8rement travaill\u00e9 afin d&rsquo;apporter divers moyens de parcourir les contenus du site gr\u00e2ce \u00e0 3 widgets diff\u00e9rents : articles r\u00e9cents (recense les derni\u00e8res publications), commentaires r\u00e9cents et \u00e9tiquettes (soit les tags ou mots-cl\u00e9s attach\u00e9s aux contenus). Ces widgets peuvent \u00e9galement \u00eatre positionn\u00e9s hors du pied de page, en sidebar par exemple. <\/p>\n","protected":false},"excerpt":{"rendered":"<p>Marc-Antoine Colonnette | Promotion 2022-2023 Solidaires est une f\u00e9d\u00e9ration des syndicats \u00e9tudiants de luttes pr\u00e9sent \u00e0 l&rsquo;Universit\u00e9 de Lille. Pour ce projet, il s&rsquo;agissait de r\u00e9aliser une refonte compl\u00e8te du site de la f\u00e9d\u00e9ration afin de le rendre plus clair, plus homog\u00e8ne, plus compr\u00e9hensible afin que tou.s.tes puissent acc\u00e9der \u00e0 son contenu. L&rsquo;\u00e9tudiant a donc&#8230;<\/p>\n","protected":false},"author":2,"featured_media":341,"comment_status":"closed","ping_status":"open","sticky":false,"template":"","format":"standard","meta":{"footnotes":""},"categories":[8],"tags":[57,10,227,16,17,68],"class_list":["post-340","post","type-post","status-publish","format-standard","has-post-thumbnail","hentry","category-institutions","tag-association","tag-etudiant-e-s","tag-federation","tag-lille","tag-nord","tag-syndicat"],"_links":{"self":[{"href":"https:\/\/7465.peda.univ-lille.fr\/projetslicenceSID\/index.php?rest_route=\/wp\/v2\/posts\/340","targetHints":{"allow":["GET"]}}],"collection":[{"href":"https:\/\/7465.peda.univ-lille.fr\/projetslicenceSID\/index.php?rest_route=\/wp\/v2\/posts"}],"about":[{"href":"https:\/\/7465.peda.univ-lille.fr\/projetslicenceSID\/index.php?rest_route=\/wp\/v2\/types\/post"}],"author":[{"embeddable":true,"href":"https:\/\/7465.peda.univ-lille.fr\/projetslicenceSID\/index.php?rest_route=\/wp\/v2\/users\/2"}],"replies":[{"embeddable":true,"href":"https:\/\/7465.peda.univ-lille.fr\/projetslicenceSID\/index.php?rest_route=%2Fwp%2Fv2%2Fcomments&post=340"}],"version-history":[{"count":2,"href":"https:\/\/7465.peda.univ-lille.fr\/projetslicenceSID\/index.php?rest_route=\/wp\/v2\/posts\/340\/revisions"}],"predecessor-version":[{"id":380,"href":"https:\/\/7465.peda.univ-lille.fr\/projetslicenceSID\/index.php?rest_route=\/wp\/v2\/posts\/340\/revisions\/380"}],"wp:featuredmedia":[{"embeddable":true,"href":"https:\/\/7465.peda.univ-lille.fr\/projetslicenceSID\/index.php?rest_route=\/wp\/v2\/media\/341"}],"wp:attachment":[{"href":"https:\/\/7465.peda.univ-lille.fr\/projetslicenceSID\/index.php?rest_route=%2Fwp%2Fv2%2Fmedia&parent=340"}],"wp:term":[{"taxonomy":"category","embeddable":true,"href":"https:\/\/7465.peda.univ-lille.fr\/projetslicenceSID\/index.php?rest_route=%2Fwp%2Fv2%2Fcategories&post=340"},{"taxonomy":"post_tag","embeddable":true,"href":"https:\/\/7465.peda.univ-lille.fr\/projetslicenceSID\/index.php?rest_route=%2Fwp%2Fv2%2Ftags&post=340"}],"curies":[{"name":"wp","href":"https:\/\/api.w.org\/{rel}","templated":true}]}}