{"id":713,"date":"2025-05-26T16:17:35","date_gmt":"2025-05-26T14:17:35","guid":{"rendered":"https:\/\/7465.peda.univ-lille.fr\/projetslicenceSID\/?p=713"},"modified":"2025-06-10T09:26:51","modified_gmt":"2025-06-10T07:26:51","slug":"lys-event-decor","status":"publish","type":"post","link":"https:\/\/7465.peda.univ-lille.fr\/projetslicenceSID\/?p=713","title":{"rendered":"Lys Event D\u00e9cor"},"content":{"rendered":"\n<p>Hajar BELARBI et Somaya EL MAKRINI | Promotion 2024-2025<\/p>\n\n\n\n<p>Dans le cadre de la cr\u00e9ation d&rsquo;un site internet pour un commanditaire, ces \u00e9tudiantes ont mis en avant Lys Event, sp\u00e9cialis\u00e9 dans l\u2019\u00e9v\u00e9nementiel. L&rsquo;entreprise propose deux activit\u00e9s :<\/p>\n\n\n\n<ul class=\"wp-block-list\">\n<li>Les Salons de la Lys, une salle de r\u00e9ception modulable ;<\/li>\n\n\n\n<li>Lys Event D\u00e9cor, un service de d\u00e9coration sur mesure.<\/li>\n<\/ul>\n\n\n\n<p>Le projet se concentre sur Lys Event D\u00e9cor, qui offre la location et l\u2019installation de d\u00e9cors pour divers \u00e9v\u00e9nements. L\u2019entreprise se distingue par sa cr\u00e9ativit\u00e9, son sens du d\u00e9tail et la qualit\u00e9 de ses prestations. Le site web vise \u00e0 pr\u00e9senter cette activit\u00e9, attirer de nouveaux clients et faciliter les \u00e9changes via une galerie photo, des t\u00e9moignages et un outil de devis en ligne. Le commanditaire a confi\u00e9 aux \u00e9tudiantes une grande libert\u00e9 cr\u00e9ative, et elles se sont inspir\u00e9es de leur site originel, afin de proposer une approche visuelle renouvel\u00e9e et adapt\u00e9e au secteur.<\/p>\n\n\n\n<figure class=\"wp-block-image size-full\"><img loading=\"lazy\" decoding=\"async\" width=\"964\" height=\"850\" src=\"https:\/\/7465.peda.univ-lille.fr\/projetslicenceSID\/wp-content\/uploads\/2025\/05\/gduz.png\" alt=\"\" class=\"wp-image-806\" srcset=\"https:\/\/7465.peda.univ-lille.fr\/projetslicenceSID\/wp-content\/uploads\/2025\/05\/gduz.png 964w, https:\/\/7465.peda.univ-lille.fr\/projetslicenceSID\/wp-content\/uploads\/2025\/05\/gduz-300x265.png 300w, https:\/\/7465.peda.univ-lille.fr\/projetslicenceSID\/wp-content\/uploads\/2025\/05\/gduz-768x677.png 768w, https:\/\/7465.peda.univ-lille.fr\/projetslicenceSID\/wp-content\/uploads\/2025\/05\/gduz-850x749.png 850w\" sizes=\"auto, (max-width: 964px) 100vw, 964px\" \/><\/figure>\n\n\n\n<p class=\"has-text-align-center\"><em>Figure 1 : La page \u00ab\u00a0A Propos\u00a0\u00bb ( La galerie photo )<\/em><\/p>\n\n\n\n<p>La galerie photo sur la page \u201cA propos\u201d a n\u00e9cessit\u00e9 beaucoup de travail. Les \u00e9tudiantes avaient \u00e0 l\u2019origine esp\u00e9r\u00e9 pouvoir faire un carrousel de photos sur les anciennes prestations de Lys Event D\u00e9cor. Malheureusement, \u00e9tant coinc\u00e9es, elles ont opt\u00e9 pour une alternative qui est la galerie photo. De plus, les photos n\u2019ayant pas toutes les m\u00eames dimensions, il leur a fallu tester plusieurs combinaisons afin d&rsquo;\u00eatre satisfaites du r\u00e9sultat final.<\/p>\n\n\n\n<figure class=\"wp-block-image size-large\"><img loading=\"lazy\" decoding=\"async\" width=\"1024\" height=\"455\" src=\"https:\/\/7465.peda.univ-lille.fr\/projetslicenceSID\/wp-content\/uploads\/2025\/05\/CATA-1024x455.png\" alt=\"\" class=\"wp-image-871\" srcset=\"https:\/\/7465.peda.univ-lille.fr\/projetslicenceSID\/wp-content\/uploads\/2025\/05\/CATA-1024x455.png 1024w, https:\/\/7465.peda.univ-lille.fr\/projetslicenceSID\/wp-content\/uploads\/2025\/05\/CATA-300x133.png 300w, https:\/\/7465.peda.univ-lille.fr\/projetslicenceSID\/wp-content\/uploads\/2025\/05\/CATA-768x341.png 768w, https:\/\/7465.peda.univ-lille.fr\/projetslicenceSID\/wp-content\/uploads\/2025\/05\/CATA-1536x683.png 1536w, https:\/\/7465.peda.univ-lille.fr\/projetslicenceSID\/wp-content\/uploads\/2025\/05\/CATA-850x378.png 850w, https:\/\/7465.peda.univ-lille.fr\/projetslicenceSID\/wp-content\/uploads\/2025\/05\/CATA.png 1800w\" sizes=\"auto, (max-width: 1024px) 100vw, 1024px\" \/><\/figure>\n\n\n\n<p class=\"has-text-align-center\"><em>Figure 2 : La page catalogue <\/em><\/p>\n\n\n\n<p>Les \u00e9tudiantes ont strat\u00e9giquement fait un lien vers la page devis afin que les clients puissent visualiser le catalogue et, par la suite, demander un devis \u00e0 l&rsquo;entreprise. Elles se sont concentr\u00e9es sur les \u00e9l\u00e9ments les plus importants du catalogue, \u00e0 savoir les tr\u00f4nes et autres mobilier de d\u00e9cor disponible \u00e0 la location.<\/p>\n","protected":false},"excerpt":{"rendered":"<p>Hajar BELARBI et Somaya EL MAKRINI | Promotion 2024-2025 Dans le cadre de la cr\u00e9ation d&rsquo;un site internet pour un commanditaire, ces \u00e9tudiantes ont mis en avant Lys Event, sp\u00e9cialis\u00e9 dans l\u2019\u00e9v\u00e9nementiel. L&rsquo;entreprise propose deux activit\u00e9s : Le projet se concentre sur Lys Event D\u00e9cor, qui offre la location et l\u2019installation de d\u00e9cors pour divers&#8230;<\/p>\n","protected":false},"author":3,"featured_media":869,"comment_status":"closed","ping_status":"open","sticky":false,"template":"","format":"standard","meta":{"footnotes":""},"categories":[51,7],"tags":[40,117,134,135],"class_list":["post-713","post","type-post","status-publish","format-standard","has-post-thumbnail","hentry","category-creation-artisanat-creativite","category-entreprenariat","tag-decoration","tag-evenementiel","tag-prestations","tag-salle-de-reception"],"_links":{"self":[{"href":"https:\/\/7465.peda.univ-lille.fr\/projetslicenceSID\/index.php?rest_route=\/wp\/v2\/posts\/713","targetHints":{"allow":["GET"]}}],"collection":[{"href":"https:\/\/7465.peda.univ-lille.fr\/projetslicenceSID\/index.php?rest_route=\/wp\/v2\/posts"}],"about":[{"href":"https:\/\/7465.peda.univ-lille.fr\/projetslicenceSID\/index.php?rest_route=\/wp\/v2\/types\/post"}],"author":[{"embeddable":true,"href":"https:\/\/7465.peda.univ-lille.fr\/projetslicenceSID\/index.php?rest_route=\/wp\/v2\/users\/3"}],"replies":[{"embeddable":true,"href":"https:\/\/7465.peda.univ-lille.fr\/projetslicenceSID\/index.php?rest_route=%2Fwp%2Fv2%2Fcomments&post=713"}],"version-history":[{"count":20,"href":"https:\/\/7465.peda.univ-lille.fr\/projetslicenceSID\/index.php?rest_route=\/wp\/v2\/posts\/713\/revisions"}],"predecessor-version":[{"id":872,"href":"https:\/\/7465.peda.univ-lille.fr\/projetslicenceSID\/index.php?rest_route=\/wp\/v2\/posts\/713\/revisions\/872"}],"wp:featuredmedia":[{"embeddable":true,"href":"https:\/\/7465.peda.univ-lille.fr\/projetslicenceSID\/index.php?rest_route=\/wp\/v2\/media\/869"}],"wp:attachment":[{"href":"https:\/\/7465.peda.univ-lille.fr\/projetslicenceSID\/index.php?rest_route=%2Fwp%2Fv2%2Fmedia&parent=713"}],"wp:term":[{"taxonomy":"category","embeddable":true,"href":"https:\/\/7465.peda.univ-lille.fr\/projetslicenceSID\/index.php?rest_route=%2Fwp%2Fv2%2Fcategories&post=713"},{"taxonomy":"post_tag","embeddable":true,"href":"https:\/\/7465.peda.univ-lille.fr\/projetslicenceSID\/index.php?rest_route=%2Fwp%2Fv2%2Ftags&post=713"}],"curies":[{"name":"wp","href":"https:\/\/api.w.org\/{rel}","templated":true}]}}