{"id":792,"date":"2025-05-26T15:10:24","date_gmt":"2025-05-26T13:10:24","guid":{"rendered":"https:\/\/7465.peda.univ-lille.fr\/projetslicenceSID\/?p=792"},"modified":"2025-06-10T08:54:36","modified_gmt":"2025-06-10T06:54:36","slug":"cinesj","status":"publish","type":"post","link":"https:\/\/7465.peda.univ-lille.fr\/projetslicenceSID\/?p=792","title":{"rendered":"CINESJ"},"content":{"rendered":"\n<p>Hermione LE H\u00c9RISS\u00c9&nbsp;et Salom\u00e9 BLOND | Promotion 2024-2025 <\/p>\n\n\n\n<p>Les \u00e9tudiantes ont \u00e9t\u00e9 amen\u00e9es \u00e0 r\u00e9aliser un site web pour un commanditaire. Ce dernier, Cinesj, est un m\u00e9dia \u00e9tudiant sp\u00e9cialis\u00e9 dans la critique de films r\u00e9cemment sortis au cin\u00e9ma. \u00c0 ce jour, Cinesj publie exclusivement sur le r\u00e9seau social Instagram. Le m\u00e9dia est dirig\u00e9 par Ana Delabre, Brunelle Roman et Ella Peyron. Au cours du projet, les \u00e9tudiantes ont collabor\u00e9 avec les trois responsables, m\u00eame si la majorit\u00e9 des \u00e9changes ont eu lieu avec Ella Peyron. Les \u00e9tudiantes ont d\u2019abord men\u00e9 un entretien afin d\u2019identifier les besoins du commanditaire, puis elles ont r\u00e9alis\u00e9 un benchmark, r\u00e9dig\u00e9 un cahier des charges, con\u00e7u une arborescence du site, et pr\u00e9par\u00e9 en amont les contenus. Enfin, elles ont appris \u00e0 utiliser l\u2019outil WordPress, ce qui leur a permis de construire le site final.<\/p>\n\n\n\n<figure class=\"wp-block-image size-large\"><img loading=\"lazy\" decoding=\"async\" width=\"1024\" height=\"484\" src=\"https:\/\/7465.peda.univ-lille.fr\/projetslicenceSID\/wp-content\/uploads\/2025\/05\/Captu-1024x484.png\" alt=\"\" class=\"wp-image-796\" srcset=\"https:\/\/7465.peda.univ-lille.fr\/projetslicenceSID\/wp-content\/uploads\/2025\/05\/Captu-1024x484.png 1024w, https:\/\/7465.peda.univ-lille.fr\/projetslicenceSID\/wp-content\/uploads\/2025\/05\/Captu-300x142.png 300w, https:\/\/7465.peda.univ-lille.fr\/projetslicenceSID\/wp-content\/uploads\/2025\/05\/Captu-768x363.png 768w, https:\/\/7465.peda.univ-lille.fr\/projetslicenceSID\/wp-content\/uploads\/2025\/05\/Captu-1536x725.png 1536w, https:\/\/7465.peda.univ-lille.fr\/projetslicenceSID\/wp-content\/uploads\/2025\/05\/Captu-850x401.png 850w, https:\/\/7465.peda.univ-lille.fr\/projetslicenceSID\/wp-content\/uploads\/2025\/05\/Captu.png 1800w\" sizes=\"auto, (max-width: 1024px) 100vw, 1024px\" \/><\/figure>\n\n\n\n<p class=\"has-text-align-center\"><em>Figure 1 : La page d&rsquo;Acceuil avec les articles des critiques<\/em><\/p>\n\n\n\n<p>Un \u00e9l\u00e9ment cl\u00e9 du site est sa page d\u2019accueil dynamique. D\u00e8s qu\u2019une nouvelle critique est publi\u00e9e, elle appara\u00eet automatiquement sur cette page. Ce module permet de mettre en valeur le travail des r\u00e9dacteurs du m\u00e9dia. Un court aper\u00e7u de chaque critique y est visible, offrant ainsi aux visiteurs un acc\u00e8s rapide et facile \u00e0 l\u2019ensemble des publications.<\/p>\n\n\n\n<figure class=\"wp-block-image size-large\"><img loading=\"lazy\" decoding=\"async\" width=\"1024\" height=\"455\" src=\"https:\/\/7465.peda.univ-lille.fr\/projetslicenceSID\/wp-content\/uploads\/2025\/05\/p-1024x455.png\" alt=\"\" class=\"wp-image-866\" srcset=\"https:\/\/7465.peda.univ-lille.fr\/projetslicenceSID\/wp-content\/uploads\/2025\/05\/p-1024x455.png 1024w, https:\/\/7465.peda.univ-lille.fr\/projetslicenceSID\/wp-content\/uploads\/2025\/05\/p-300x133.png 300w, https:\/\/7465.peda.univ-lille.fr\/projetslicenceSID\/wp-content\/uploads\/2025\/05\/p-768x341.png 768w, https:\/\/7465.peda.univ-lille.fr\/projetslicenceSID\/wp-content\/uploads\/2025\/05\/p-1536x683.png 1536w, https:\/\/7465.peda.univ-lille.fr\/projetslicenceSID\/wp-content\/uploads\/2025\/05\/p-850x378.png 850w, https:\/\/7465.peda.univ-lille.fr\/projetslicenceSID\/wp-content\/uploads\/2025\/05\/p.png 1800w\" sizes=\"auto, (max-width: 1024px) 100vw, 1024px\" \/><\/figure>\n\n\n\n<p class=\"has-text-align-center\"><em>Figure 2 : La page Podcast<\/em><\/p>\n\n\n\n<p>Le module des contenus embarqu\u00e9s, principalement d\u00e9di\u00e9 aux podcasts mais incluant \u00e9galement les vid\u00e9os disponibles sur les r\u00e9seaux sociaux du m\u00e9dia, permet de mettre en avant la diversit\u00e9 de ses productions. L&rsquo;objectif des \u00e9tudiantes \u00e9tait de centraliser l\u2019ensemble des contenus cr\u00e9\u00e9s par Cinesj et de permettre leur \u00e9coute et leur visionnage directement depuis le site. Ces modules ont parfaitement r\u00e9pondu \u00e0 cet objectif.<\/p>\n\n\n\n<p><\/p>\n","protected":false},"excerpt":{"rendered":"<p>Hermione LE H\u00c9RISS\u00c9&nbsp;et Salom\u00e9 BLOND | Promotion 2024-2025 Les \u00e9tudiantes ont \u00e9t\u00e9 amen\u00e9es \u00e0 r\u00e9aliser un site web pour un commanditaire. Ce dernier, Cinesj, est un m\u00e9dia \u00e9tudiant sp\u00e9cialis\u00e9 dans la critique de films r\u00e9cemment sortis au cin\u00e9ma. \u00c0 ce jour, Cinesj publie exclusivement sur le r\u00e9seau social Instagram. Le m\u00e9dia est dirig\u00e9 par Ana&#8230;<\/p>\n","protected":false},"author":3,"featured_media":863,"comment_status":"closed","ping_status":"open","sticky":false,"template":"","format":"standard","meta":{"footnotes":""},"categories":[36,7],"tags":[74,144,83,145],"class_list":["post-792","post","type-post","status-publish","format-standard","has-post-thumbnail","hentry","category-arts-et-artistes","category-entreprenariat","tag-cinema","tag-critique-de-films","tag-films","tag-media-etudiant"],"_links":{"self":[{"href":"https:\/\/7465.peda.univ-lille.fr\/projetslicenceSID\/index.php?rest_route=\/wp\/v2\/posts\/792","targetHints":{"allow":["GET"]}}],"collection":[{"href":"https:\/\/7465.peda.univ-lille.fr\/projetslicenceSID\/index.php?rest_route=\/wp\/v2\/posts"}],"about":[{"href":"https:\/\/7465.peda.univ-lille.fr\/projetslicenceSID\/index.php?rest_route=\/wp\/v2\/types\/post"}],"author":[{"embeddable":true,"href":"https:\/\/7465.peda.univ-lille.fr\/projetslicenceSID\/index.php?rest_route=\/wp\/v2\/users\/3"}],"replies":[{"embeddable":true,"href":"https:\/\/7465.peda.univ-lille.fr\/projetslicenceSID\/index.php?rest_route=%2Fwp%2Fv2%2Fcomments&post=792"}],"version-history":[{"count":14,"href":"https:\/\/7465.peda.univ-lille.fr\/projetslicenceSID\/index.php?rest_route=\/wp\/v2\/posts\/792\/revisions"}],"predecessor-version":[{"id":1191,"href":"https:\/\/7465.peda.univ-lille.fr\/projetslicenceSID\/index.php?rest_route=\/wp\/v2\/posts\/792\/revisions\/1191"}],"wp:featuredmedia":[{"embeddable":true,"href":"https:\/\/7465.peda.univ-lille.fr\/projetslicenceSID\/index.php?rest_route=\/wp\/v2\/media\/863"}],"wp:attachment":[{"href":"https:\/\/7465.peda.univ-lille.fr\/projetslicenceSID\/index.php?rest_route=%2Fwp%2Fv2%2Fmedia&parent=792"}],"wp:term":[{"taxonomy":"category","embeddable":true,"href":"https:\/\/7465.peda.univ-lille.fr\/projetslicenceSID\/index.php?rest_route=%2Fwp%2Fv2%2Fcategories&post=792"},{"taxonomy":"post_tag","embeddable":true,"href":"https:\/\/7465.peda.univ-lille.fr\/projetslicenceSID\/index.php?rest_route=%2Fwp%2Fv2%2Ftags&post=792"}],"curies":[{"name":"wp","href":"https:\/\/api.w.org\/{rel}","templated":true}]}}