{"id":875,"date":"2025-05-28T11:33:12","date_gmt":"2025-05-28T09:33:12","guid":{"rendered":"https:\/\/7465.peda.univ-lille.fr\/projetslicenceSID\/?p=875"},"modified":"2025-06-10T09:21:39","modified_gmt":"2025-06-10T07:21:39","slug":"womenship-actions","status":"publish","type":"post","link":"https:\/\/7465.peda.univ-lille.fr\/projetslicenceSID\/?p=875","title":{"rendered":"Womenship Actions"},"content":{"rendered":"\n<p>B\u00e9n\u00e9lie ALOKPON et Kolade Phillipe OMANLEGBE | Promotion 2024-2025<\/p>\n\n\n\n<p>Ce site web correspond \u00e0 une association, pr\u00e9sid\u00e9 par Madame Audrey BAMBA, qui \u0153uvre pour l&rsquo;inclusion num\u00e9rique des jeunes femmes \u00e0 l&rsquo;\u00e9chelle nationale, en leur offrant des formations et opportunit\u00e9s dans le domaine du num\u00e9rique. Dans le cadre du cours \u00ab Projet tutor\u00e9 \u00bb, Les \u00e9tudiants ont \u00e9t\u00e9 charg\u00e9s de concevoir un site web en collaboration avec un commanditaire int\u00e9ress\u00e9 par la mise en place d\u2019un portail web pour son activit\u00e9. Ils ont travaill\u00e9 avec cette association \u00ab Womenship Actions \u00bb, une organisation bas\u00e9e en C\u00f4te d\u2019Ivoire. Leur mission a consist\u00e9 \u00e0 analyser les besoins de l\u2019association, r\u00e9diger un cahier des charges fonctionnel et concevoir un site web adapt\u00e9 aux objectifs de \u00ab Womenship Actions \u00bb. Le travail des \u00e9tudiants vise \u00e0 doter l\u2019association d\u2019un outil num\u00e9rique performant, favorisant la visibilit\u00e9 de ses actions et facilitant l\u2019acc\u00e8s aux ressources pour les jeunes femmes que l&rsquo;association accompagne.<\/p>\n\n\n\n<figure class=\"wp-block-image size-large\"><img loading=\"lazy\" decoding=\"async\" width=\"1024\" height=\"455\" src=\"https:\/\/7465.peda.univ-lille.fr\/projetslicenceSID\/wp-content\/uploads\/2025\/05\/CaP-1024x455.png\" alt=\"\" class=\"wp-image-879\" srcset=\"https:\/\/7465.peda.univ-lille.fr\/projetslicenceSID\/wp-content\/uploads\/2025\/05\/CaP-1024x455.png 1024w, https:\/\/7465.peda.univ-lille.fr\/projetslicenceSID\/wp-content\/uploads\/2025\/05\/CaP-300x133.png 300w, https:\/\/7465.peda.univ-lille.fr\/projetslicenceSID\/wp-content\/uploads\/2025\/05\/CaP-768x341.png 768w, https:\/\/7465.peda.univ-lille.fr\/projetslicenceSID\/wp-content\/uploads\/2025\/05\/CaP-1536x683.png 1536w, https:\/\/7465.peda.univ-lille.fr\/projetslicenceSID\/wp-content\/uploads\/2025\/05\/CaP-850x378.png 850w, https:\/\/7465.peda.univ-lille.fr\/projetslicenceSID\/wp-content\/uploads\/2025\/05\/CaP.png 1800w\" sizes=\"auto, (max-width: 1024px) 100vw, 1024px\" \/><\/figure>\n\n\n\n<p class=\"has-text-align-center\"><em>Figure 1 : La page Galerie<\/em><\/p>\n\n\n\n<p>Au d\u00e9part, Les \u00e9tudiants ont utilis\u00e9 la galerie native de Gutenberg. Cependant, lors de la prise en main, ils ont constat\u00e9 que la galerie ne r\u00e9pondait pas enti\u00e8rement \u00e0 leurs attentes en termes de fonctionnalit\u00e9s et de flexibilit\u00e9 pour la version gratuite. Ils ont donc recherch\u00e9 une extension capable de cr\u00e9er un album contenant trois galeries distinctes. Apr\u00e8s avoir explor\u00e9 plusieurs options, leur choix s&rsquo;est port\u00e9 sur NextGEN Gallery. Bien que son utilisation ait \u00e9t\u00e9 complexe au d\u00e9but, les \u00e9tudiants ont pris le temps de se familiariser avec ses fonctionnalit\u00e9s. Gr\u00e2ce \u00e0 leurs ajustements et configurations, ils ont r\u00e9ussi \u00e0 obtenir le r\u00e9sultat souhait\u00e9 : un album structur\u00e9 int\u00e9grant trois galeries distinctes, r\u00e9pondant parfaitement \u00e0 leurs besoins.<\/p>\n\n\n\n<p><\/p>\n\n\n\n<figure class=\"wp-block-image size-large\"><img loading=\"lazy\" decoding=\"async\" width=\"1024\" height=\"455\" src=\"https:\/\/7465.peda.univ-lille.fr\/projetslicenceSID\/wp-content\/uploads\/2025\/05\/dons-1-1024x455.png\" alt=\"\" class=\"wp-image-882\" srcset=\"https:\/\/7465.peda.univ-lille.fr\/projetslicenceSID\/wp-content\/uploads\/2025\/05\/dons-1-1024x455.png 1024w, https:\/\/7465.peda.univ-lille.fr\/projetslicenceSID\/wp-content\/uploads\/2025\/05\/dons-1-300x133.png 300w, https:\/\/7465.peda.univ-lille.fr\/projetslicenceSID\/wp-content\/uploads\/2025\/05\/dons-1-768x341.png 768w, https:\/\/7465.peda.univ-lille.fr\/projetslicenceSID\/wp-content\/uploads\/2025\/05\/dons-1-1536x683.png 1536w, https:\/\/7465.peda.univ-lille.fr\/projetslicenceSID\/wp-content\/uploads\/2025\/05\/dons-1-850x378.png 850w, https:\/\/7465.peda.univ-lille.fr\/projetslicenceSID\/wp-content\/uploads\/2025\/05\/dons-1.png 1800w\" sizes=\"auto, (max-width: 1024px) 100vw, 1024px\" \/><\/figure>\n\n\n\n<p class=\"has-text-align-center\"><em>Figure 2 : La page Dons <\/em><\/p>\n\n\n\n<p>La mise en place des formulaires de contact et de don a n\u00e9cessit\u00e9 un travail approfondi pour garantir une exp\u00e9rience utilisateur fluide. Les \u00e9tudiants ont consacr\u00e9 beaucoup de temps \u00e0 ajuster chaque d\u00e9tail afin d\u2019assurer une navigation optimale et une collecte d\u2019informations efficace respectant aussi les r\u00e8gles RGPD. Ils ont veill\u00e9 \u00e0 ce que le formulaire de contact soit clair et accessible, en r\u00e9duisant le nombre de champs au strict n\u00e9cessaire pour faciliter les demandes, tout en assurant un suivi efficace avec l\u2019accord de l\u2019association, puisqu&rsquo;elle g\u00e8re aussi ses d\u00e9marches en interne \u00e9galement. Ce travail a permis aux \u00e9tudiants de proposer des formulaires bien structur\u00e9s, adapt\u00e9s aux besoins des utilisateurs et align\u00e9s avec les objectifs. Ils esp\u00e8rent ainsi faciliter la prise de contact et encourager les dons en toute confiance.<\/p>\n\n\n\n<p><\/p>\n","protected":false},"excerpt":{"rendered":"<p>B\u00e9n\u00e9lie ALOKPON et Kolade Phillipe OMANLEGBE | Promotion 2024-2025 Ce site web correspond \u00e0 une association, pr\u00e9sid\u00e9 par Madame Audrey BAMBA, qui \u0153uvre pour l&rsquo;inclusion num\u00e9rique des jeunes femmes \u00e0 l&rsquo;\u00e9chelle nationale, en leur offrant des formations et opportunit\u00e9s dans le domaine du num\u00e9rique. Dans le cadre du cours \u00ab Projet tutor\u00e9 \u00bb, Les \u00e9tudiants&#8230;<\/p>\n","protected":false},"author":3,"featured_media":878,"comment_status":"closed","ping_status":"open","sticky":false,"template":"","format":"standard","meta":{"footnotes":""},"categories":[7],"tags":[208,22,57,152,154,155,153],"class_list":["post-875","post","type-post","status-publish","format-standard","has-post-thumbnail","hentry","category-entreprenariat","tag-accompagnement","tag-afrique","tag-association","tag-cote-divoire","tag-femmes","tag-formations","tag-inclusion-numerique"],"_links":{"self":[{"href":"https:\/\/7465.peda.univ-lille.fr\/projetslicenceSID\/index.php?rest_route=\/wp\/v2\/posts\/875","targetHints":{"allow":["GET"]}}],"collection":[{"href":"https:\/\/7465.peda.univ-lille.fr\/projetslicenceSID\/index.php?rest_route=\/wp\/v2\/posts"}],"about":[{"href":"https:\/\/7465.peda.univ-lille.fr\/projetslicenceSID\/index.php?rest_route=\/wp\/v2\/types\/post"}],"author":[{"embeddable":true,"href":"https:\/\/7465.peda.univ-lille.fr\/projetslicenceSID\/index.php?rest_route=\/wp\/v2\/users\/3"}],"replies":[{"embeddable":true,"href":"https:\/\/7465.peda.univ-lille.fr\/projetslicenceSID\/index.php?rest_route=%2Fwp%2Fv2%2Fcomments&post=875"}],"version-history":[{"count":11,"href":"https:\/\/7465.peda.univ-lille.fr\/projetslicenceSID\/index.php?rest_route=\/wp\/v2\/posts\/875\/revisions"}],"predecessor-version":[{"id":1154,"href":"https:\/\/7465.peda.univ-lille.fr\/projetslicenceSID\/index.php?rest_route=\/wp\/v2\/posts\/875\/revisions\/1154"}],"wp:featuredmedia":[{"embeddable":true,"href":"https:\/\/7465.peda.univ-lille.fr\/projetslicenceSID\/index.php?rest_route=\/wp\/v2\/media\/878"}],"wp:attachment":[{"href":"https:\/\/7465.peda.univ-lille.fr\/projetslicenceSID\/index.php?rest_route=%2Fwp%2Fv2%2Fmedia&parent=875"}],"wp:term":[{"taxonomy":"category","embeddable":true,"href":"https:\/\/7465.peda.univ-lille.fr\/projetslicenceSID\/index.php?rest_route=%2Fwp%2Fv2%2Fcategories&post=875"},{"taxonomy":"post_tag","embeddable":true,"href":"https:\/\/7465.peda.univ-lille.fr\/projetslicenceSID\/index.php?rest_route=%2Fwp%2Fv2%2Ftags&post=875"}],"curies":[{"name":"wp","href":"https:\/\/api.w.org\/{rel}","templated":true}]}}