{"id":969,"date":"2025-06-03T10:53:21","date_gmt":"2025-06-03T08:53:21","guid":{"rendered":"https:\/\/7465.peda.univ-lille.fr\/projetslicenceSID\/?p=969"},"modified":"2025-06-10T10:14:32","modified_gmt":"2025-06-10T08:14:32","slug":"le-sinai-un-tresor-de-beaute-bio","status":"publish","type":"post","link":"https:\/\/7465.peda.univ-lille.fr\/projetslicenceSID\/?p=969","title":{"rendered":"Le Sina\u00ef : un tr\u00e9sor de beaut\u00e9 bio"},"content":{"rendered":"\n<p>Sha\u00efnez SAHRAOUI et M\u00e9lissa HOTTIN | Promotion 2024-2025 <\/p>\n\n\n\n<p>Dans le cadre de notre projet web, les \u00e9tudiantes ont imagin\u00e9 et r\u00e9alis\u00e9 un site vitrine pour une marque de cosm\u00e9tiques bio : Le Sina\u00ef. Le but \u00e9tait de cr\u00e9er un site clair, coh\u00e9rent avec les valeurs de la marque, et agr\u00e9able \u00e0 utiliser. Les \u00e9tudiantes ont choisi un design \u00e9pur\u00e9, dans des tons nude, qui rappellent l\u2019univers naturel et doux des produits propos\u00e9s. Le site comprend cinq pages : Accueil, Produits, Recettes et DIY, \u00c0 propos, et Contact. Il met en avant les produits de la marque, tout en proposant aussi du contenu utile comme des recettes beaut\u00e9 \u00e0 faire soi-m\u00eame.<\/p>\n\n\n\n<figure class=\"wp-block-image size-large\"><img loading=\"lazy\" decoding=\"async\" width=\"1024\" height=\"455\" src=\"https:\/\/7465.peda.univ-lille.fr\/projetslicenceSID\/wp-content\/uploads\/2025\/06\/Capture-decran-2025-06-03-102902-1024x455.png\" alt=\"\" class=\"wp-image-976\" srcset=\"https:\/\/7465.peda.univ-lille.fr\/projetslicenceSID\/wp-content\/uploads\/2025\/06\/Capture-decran-2025-06-03-102902-1024x455.png 1024w, https:\/\/7465.peda.univ-lille.fr\/projetslicenceSID\/wp-content\/uploads\/2025\/06\/Capture-decran-2025-06-03-102902-300x133.png 300w, https:\/\/7465.peda.univ-lille.fr\/projetslicenceSID\/wp-content\/uploads\/2025\/06\/Capture-decran-2025-06-03-102902-768x341.png 768w, https:\/\/7465.peda.univ-lille.fr\/projetslicenceSID\/wp-content\/uploads\/2025\/06\/Capture-decran-2025-06-03-102902-1536x683.png 1536w, https:\/\/7465.peda.univ-lille.fr\/projetslicenceSID\/wp-content\/uploads\/2025\/06\/Capture-decran-2025-06-03-102902-850x378.png 850w, https:\/\/7465.peda.univ-lille.fr\/projetslicenceSID\/wp-content\/uploads\/2025\/06\/Capture-decran-2025-06-03-102902.png 1800w\" sizes=\"auto, (max-width: 1024px) 100vw, 1024px\" \/><\/figure>\n\n\n\n<p class=\"has-text-align-center\"><em>Figure 1 : La page Produits <\/em><\/p>\n\n\n\n<p>La page Produits est organis\u00e9e par cat\u00e9gories : cr\u00e8mes\/laits, produits pour les cheveux, savons, huiles, baumes ou encore gommages. Les \u00e9tudiantes ont choisi une pr\u00e9sentation simple et claire, avec des visuels qui respectent l\u2019identit\u00e9 naturelle de la marque. Cette page permet aux visiteurs de rep\u00e9rer rapidement les types de produits disponibles et de naviguer facilement.<\/p>\n\n\n\n<figure class=\"wp-block-image size-large\"><img loading=\"lazy\" decoding=\"async\" width=\"1024\" height=\"455\" src=\"https:\/\/7465.peda.univ-lille.fr\/projetslicenceSID\/wp-content\/uploads\/2025\/06\/Capture-decran-2025-06-03-103609-1024x455.png\" alt=\"\" class=\"wp-image-978\" srcset=\"https:\/\/7465.peda.univ-lille.fr\/projetslicenceSID\/wp-content\/uploads\/2025\/06\/Capture-decran-2025-06-03-103609-1024x455.png 1024w, https:\/\/7465.peda.univ-lille.fr\/projetslicenceSID\/wp-content\/uploads\/2025\/06\/Capture-decran-2025-06-03-103609-300x133.png 300w, https:\/\/7465.peda.univ-lille.fr\/projetslicenceSID\/wp-content\/uploads\/2025\/06\/Capture-decran-2025-06-03-103609-768x341.png 768w, https:\/\/7465.peda.univ-lille.fr\/projetslicenceSID\/wp-content\/uploads\/2025\/06\/Capture-decran-2025-06-03-103609-1536x683.png 1536w, https:\/\/7465.peda.univ-lille.fr\/projetslicenceSID\/wp-content\/uploads\/2025\/06\/Capture-decran-2025-06-03-103609-850x378.png 850w, https:\/\/7465.peda.univ-lille.fr\/projetslicenceSID\/wp-content\/uploads\/2025\/06\/Capture-decran-2025-06-03-103609.png 1800w\" sizes=\"auto, (max-width: 1024px) 100vw, 1024px\" \/><\/figure>\n\n\n\n<p class=\"has-text-align-center\"><em>Figure 2 : La page recettes et DIY<\/em><\/p>\n\n\n\n<p>La page recettes et DIY propose plusieurs recettes maison faciles \u00e0 faire avec des ingr\u00e9dients naturels. Chaque recette est expliqu\u00e9e pas \u00e0 pas pour que les utilisateurs puissent les r\u00e9aliser eux-m\u00eames. Les \u00e9tudiantes ont voulu mettre en avant l\u2019aspect fait maison et responsable, qui est au c\u0153ur des valeurs de la marque. C\u2019est une partie du site \u00e0 la fois utile et engageante.<\/p>\n\n\n\n<p><\/p>\n","protected":false},"excerpt":{"rendered":"<p>Sha\u00efnez SAHRAOUI et M\u00e9lissa HOTTIN | Promotion 2024-2025 Dans le cadre de notre projet web, les \u00e9tudiantes ont imagin\u00e9 et r\u00e9alis\u00e9 un site vitrine pour une marque de cosm\u00e9tiques bio : Le Sina\u00ef. Le but \u00e9tait de cr\u00e9er un site clair, coh\u00e9rent avec les valeurs de la marque, et agr\u00e9able \u00e0 utiliser. Les \u00e9tudiantes ont&#8230;<\/p>\n","protected":false},"author":3,"featured_media":975,"comment_status":"closed","ping_status":"open","sticky":false,"template":"","format":"standard","meta":{"footnotes":""},"categories":[51,7],"tags":[167,56,169,214,168,127],"class_list":["post-969","post","type-post","status-publish","format-standard","has-post-thumbnail","hentry","category-creation-artisanat-creativite","category-entreprenariat","tag-beaute","tag-bio","tag-cosmetiques","tag-marque","tag-produits","tag-recettes"],"_links":{"self":[{"href":"https:\/\/7465.peda.univ-lille.fr\/projetslicenceSID\/index.php?rest_route=\/wp\/v2\/posts\/969","targetHints":{"allow":["GET"]}}],"collection":[{"href":"https:\/\/7465.peda.univ-lille.fr\/projetslicenceSID\/index.php?rest_route=\/wp\/v2\/posts"}],"about":[{"href":"https:\/\/7465.peda.univ-lille.fr\/projetslicenceSID\/index.php?rest_route=\/wp\/v2\/types\/post"}],"author":[{"embeddable":true,"href":"https:\/\/7465.peda.univ-lille.fr\/projetslicenceSID\/index.php?rest_route=\/wp\/v2\/users\/3"}],"replies":[{"embeddable":true,"href":"https:\/\/7465.peda.univ-lille.fr\/projetslicenceSID\/index.php?rest_route=%2Fwp%2Fv2%2Fcomments&post=969"}],"version-history":[{"count":9,"href":"https:\/\/7465.peda.univ-lille.fr\/projetslicenceSID\/index.php?rest_route=\/wp\/v2\/posts\/969\/revisions"}],"predecessor-version":[{"id":981,"href":"https:\/\/7465.peda.univ-lille.fr\/projetslicenceSID\/index.php?rest_route=\/wp\/v2\/posts\/969\/revisions\/981"}],"wp:featuredmedia":[{"embeddable":true,"href":"https:\/\/7465.peda.univ-lille.fr\/projetslicenceSID\/index.php?rest_route=\/wp\/v2\/media\/975"}],"wp:attachment":[{"href":"https:\/\/7465.peda.univ-lille.fr\/projetslicenceSID\/index.php?rest_route=%2Fwp%2Fv2%2Fmedia&parent=969"}],"wp:term":[{"taxonomy":"category","embeddable":true,"href":"https:\/\/7465.peda.univ-lille.fr\/projetslicenceSID\/index.php?rest_route=%2Fwp%2Fv2%2Fcategories&post=969"},{"taxonomy":"post_tag","embeddable":true,"href":"https:\/\/7465.peda.univ-lille.fr\/projetslicenceSID\/index.php?rest_route=%2Fwp%2Fv2%2Ftags&post=969"}],"curies":[{"name":"wp","href":"https:\/\/api.w.org\/{rel}","templated":true}]}}